{"id":283,"date":"2022-02-19T19:37:43","date_gmt":"2022-02-19T19:37:43","guid":{"rendered":"https:\/\/www.darkscout.cz\/?p=283"},"modified":"2022-02-20T00:33:19","modified_gmt":"2022-02-20T00:33:19","slug":"inspirativni-projekty-ktere-sleduji-na-youtube","status":"publish","type":"post","link":"https:\/\/www.darkscout.cz\/?p=283","title":{"rendered":"Inspirativn\u00ed projekty, kter\u00e9 sleduji na YouTube"},"content":{"rendered":"\n<figure class=\"wp-block-image size-full\"><img loading=\"lazy\" decoding=\"async\" width=\"1024\" height=\"683\" src=\"https:\/\/www.darkscout.cz\/wp-content\/uploads\/2022\/02\/Expedition-Truck-7500kg-Terratrotter.jpg\" alt=\"\" class=\"wp-image-290\" srcset=\"https:\/\/www.darkscout.cz\/wp-content\/uploads\/2022\/02\/Expedition-Truck-7500kg-Terratrotter.jpg 1024w, https:\/\/www.darkscout.cz\/wp-content\/uploads\/2022\/02\/Expedition-Truck-7500kg-Terratrotter-250x167.jpg 250w, https:\/\/www.darkscout.cz\/wp-content\/uploads\/2022\/02\/Expedition-Truck-7500kg-Terratrotter-768x512.jpg 768w, https:\/\/www.darkscout.cz\/wp-content\/uploads\/2022\/02\/Expedition-Truck-7500kg-Terratrotter-507x338.jpg 507w\" sizes=\"auto, (max-width: 1024px) 100vw, 1024px\" \/><\/figure>\n\n\n\n<hr class=\"wp-block-separator is-style-wide\"\/>\n\n\n\n<h2 class=\"wp-block-heading\" id=\"unicat\">UNICAT<\/h2>\n\n\n\n<figure class=\"wp-block-embed is-type-video is-provider-youtube wp-block-embed-youtube wp-embed-aspect-16-9 wp-has-aspect-ratio\"><div class=\"wp-block-embed__wrapper\">\n<iframe loading=\"lazy\" title=\"UNICAT Expedition Vehicle TERRACROSS LINE TC60 - TC55 - TC59 FAMILY - TC76\" width=\"880\" height=\"495\" src=\"https:\/\/www.youtube.com\/embed\/g89kVB1CcD4?feature=oembed\" frameborder=\"0\" allow=\"accelerometer; autoplay; clipboard-write; encrypted-media; gyroscope; picture-in-picture\" allowfullscreen><\/iframe>\n<\/div><\/figure>\n\n\n\n<p class=\"wp-block-paragraph\"><br>Moje touha po spolehliv\u00e9m, prostorn\u00e9m, ter\u00e9nn\u00edm obytn\u00e9m aut\u011b, sah\u00e1 prokazateln\u011b do roku 2008, kdy jsem p\u0159ivezl ze \u0160tutgartu hasi\u010dskou sk\u0159\u00ed\u0148. N\u011bkolik let p\u0159ed t\u00edm, jsem ne\u00fanavn\u011b stahoval fotky v\u0161emo\u017en\u00fdch variac\u00ed na ter\u00e9nn\u00ed variantu obyt\u0148\u00e1ku. Prvn\u00ed \u0161ok byl, kdy\u017e jsem narazil na n\u011bmeckou zna\u010dku UNICAT. Tam jsem pochopil, \u017ee mo\u017enosti jsou limitovan\u00e9 pouze mno\u017estv\u00edm pen\u011bz a t\u011bch jsem m\u011bl tenkr\u00e1t naprost\u00fd minimum. Na auta firmy UNICAT se r\u00e1d d\u00edv\u00e1m dodnes.<br><\/p>\n\n\n\n<hr class=\"wp-block-separator is-style-wide\"\/>\n\n\n\n<h2 class=\"wp-block-heading\" id=\"hippie-trail\">HIPPIE TRAIL<\/h2>\n\n\n\n<figure class=\"wp-block-embed is-type-video is-provider-youtube wp-block-embed-youtube wp-embed-aspect-16-9 wp-has-aspect-ratio\"><div class=\"wp-block-embed__wrapper\">\n<iframe loading=\"lazy\" title=\"Unterwegs auf der Seidenstra\u00dfe \u2013 Abenteuer Freiheit | Ganze Folge Terra X\" width=\"880\" height=\"495\" src=\"https:\/\/www.youtube.com\/embed\/IFFvXGzDhDk?feature=oembed\" frameborder=\"0\" allow=\"accelerometer; autoplay; clipboard-write; encrypted-media; gyroscope; picture-in-picture\" allowfullscreen><\/iframe>\n<\/div><\/figure>\n\n\n\n<p class=\"wp-block-paragraph\"><br>Na tuto rodinu jsem narazil n\u00e1hodou, kdy\u017e jsem dohled\u00e1val informace a zku\u0161enosti lid\u00ed, kte\u0159\u00ed cestuj\u00ed v obyt\u0148\u00e1ku do vzd\u00e1len\u00fdch m\u00edst s d\u011btmi. I kdy\u017e jsem tuto rodinu objevil relativn\u011b ned\u00e1vno, tak m\u011b zaujali moc. Inspirativn\u00ed jsou i proto, \u017ee o sv\u00fdch cest\u00e1ch vyd\u00e1vaj\u00ed knihy, tedy svoj\u00ed cestu d\u00e1le z\u00faro\u010duj\u00ed a nejezd\u00ed sem tam jen zb\u016fhzdarma. Maj\u00ed za sebou n\u011bkolik cest, z\u00e1sadn\u00ed p\u0159estavbu auta a po cest\u011b se jim dokonce narodilo druh\u00e9 d\u00edt\u011b. Na YouTube je o nich sice jen tento film, ale d\u00edky dokument\u00e1rn\u00edmu charakteru vlastn\u011b ani v\u00edc nen\u00ed t\u0159eba. Aktivn\u00ed jsou p\u0159edev\u0161\u00edm na Instagramu.<br><\/p>\n\n\n\n<hr class=\"wp-block-separator is-style-wide\"\/>\n\n\n\n<h2 class=\"wp-block-heading\" id=\"joy4travelling\">JOY4TRAVELLING<\/h2>\n\n\n\n<figure class=\"wp-block-embed is-type-video is-provider-youtube wp-block-embed-youtube wp-embed-aspect-16-9 wp-has-aspect-ratio\"><div class=\"wp-block-embed__wrapper\">\n<iframe loading=\"lazy\" title=\"Ukraine \ud83c\uddfa\ud83c\udde6 Transnistrien \ud83c\uddf2\ud83c\udde9 Moldawien \ud83c\uddf7\ud83c\uddf4 Rum\u00e4nien \ud83c\uddf5\ud83c\uddf1  Polen | 4x4 EXPEDITIONSMOBIL - Offroad Camper\" width=\"880\" height=\"495\" src=\"https:\/\/www.youtube.com\/embed\/v3u6fxvEqME?feature=oembed\" frameborder=\"0\" allow=\"accelerometer; autoplay; clipboard-write; encrypted-media; gyroscope; picture-in-picture\" allowfullscreen><\/iframe>\n<\/div><\/figure>\n\n\n\n<p class=\"wp-block-paragraph\"><br>Tato dvojice nepublikuje tak \u010dasto, dokonce ani jejich cestov\u00e1n\u00ed nepat\u0159\u00ed do kategorie hardcore a mo\u017en\u00e1 i proto mi p\u0159ipadaj\u00ed sympati\u010dt\u00ed, jsou v kl\u00eddku a moc to nehrot\u00ed. Chlap\u00edk evidentn\u011b nem\u00e1 probl\u00e9m s financemi a tento druh cestov\u00e1n\u00ed vn\u00edm\u00e1 jako jednu z mo\u017en\u00fdch alternativ. Na jejich p\u0159\u00edb\u011bhu m\u011b zaujala v\u00fdm\u011bna podvozku se zachov\u00e1n\u00edm p\u016fvodn\u00ed n\u00e1stavby. N\u011bkolik prvn\u00edch cest uskute\u010dnili s vozem Steyr, aby pak investovali do zna\u010dky Man. Jak s\u00e1m v jednom videu p\u0159iznal, bylo to p\u0159edev\u0161\u00edm kv\u016fli komfortu, proto\u017ee za volantem tr\u00e1vil vlastn\u011b v\u011bt\u0161inu \u010dasu z cesty. Firma Steyr stav\u00ed p\u0159edev\u0161\u00edm u\u017eitkov\u00e9 vozy, konkr\u00e9tn\u011b vyu\u017e\u00edvan\u00e9 arm\u00e1dou, tedy na pohodl\u00ed p\u0159i dlouh\u00fdch cest\u00e1ch se neklade \u017e\u00e1dn\u00fd d\u016fraz. Man je neju\u017e\u00edvan\u011bj\u0161\u00edm vozem v kategorii cestovatelsk\u00fdch, obytn\u00fdch voz\u016f 4&#215;4, pr\u00e1v\u011b i pro ergonomii kabiny.<br><\/p>\n\n\n\n<hr class=\"wp-block-separator is-style-wide\"\/>\n\n\n\n<h2 class=\"wp-block-heading\" id=\"live-and-give-4x4\">Live and Give 4X4<\/h2>\n\n\n\n<figure class=\"wp-block-embed is-type-video is-provider-youtube wp-block-embed-youtube wp-embed-aspect-16-9 wp-has-aspect-ratio\"><div class=\"wp-block-embed__wrapper\">\n<iframe loading=\"lazy\" title=\"How to Travel Alaska in an EV BiMobil EX480 Preview\" width=\"880\" height=\"495\" src=\"https:\/\/www.youtube.com\/embed\/m-oMre77GTA?feature=oembed\" frameborder=\"0\" allow=\"accelerometer; autoplay; clipboard-write; encrypted-media; gyroscope; picture-in-picture\" allowfullscreen><\/iframe>\n<\/div><\/figure>\n\n\n\n<p class=\"wp-block-paragraph\">Tahle dvojka, resp. te\u010f&nbsp; u\u017e rodinka, m\u011b sv\u00fdm chov\u00e1n\u00edm od po\u010d\u00e1tku jejich sledov\u00e1n\u00ed irituje. To influencerstv\u00ed, YouTuberstv\u00ed, k\u0159iklav\u00fd thumbnaily, epick\u00e1 muzika, k\u0159e\u010dovit\u00fd report\u00e1\u017ee jsou pro m\u011b mnohdy zt\u011b\u017e\u00ed dokoukateln\u00fd, ale na druhou stranu ten jejich cestovatelskej z\u00e1b\u011br je neskute\u010dnej. Jsou na cest\u011b prakticky nonstop 4 roky. Do te\u010f jezdili v tov\u00e1rn\u00edm obyt\u0148\u00e1ku od zna\u010dky Bimobil, na podvozku Mercedes Atego. P\u0159ed p\u00e1r t\u00fddny si nechali postavit o t\u0159\u00eddu vy\u0161\u0161\u00ed obyt\u0148\u00e1k od zna\u010dky KRUG, na podvozku Mercedes Actros. Tedy, sledov\u00e1n\u00ed kan\u00e1lu m\u00e1 pro m\u011b dal\u0161\u00ed rozm\u011br, proto\u017ee se jim narodilo mimino, se kter\u00fdm budou d\u00e1l cestovat.<br><\/p>\n\n\n\n<hr class=\"wp-block-separator is-style-wide\"\/>\n\n\n\n<h2 class=\"wp-block-heading\" id=\"zeitreise\">ZEITreise<\/h2>\n\n\n\n<figure class=\"wp-block-embed is-type-video is-provider-youtube wp-block-embed-youtube wp-embed-aspect-16-9 wp-has-aspect-ratio\"><div class=\"wp-block-embed__wrapper\">\n<iframe loading=\"lazy\" title=\"CHILE: Atacama meets Pacific - ZEITreise Ep 14\" width=\"880\" height=\"495\" src=\"https:\/\/www.youtube.com\/embed\/LAc8-VLuIbo?feature=oembed\" frameborder=\"0\" allow=\"accelerometer; autoplay; clipboard-write; encrypted-media; gyroscope; picture-in-picture\" allowfullscreen><\/iframe>\n<\/div><\/figure>\n\n\n\n<p class=\"wp-block-paragraph\">Cha, na tuhle parti\u010dku nesm\u00edm zapomenout. M\u011b jsou tedy hodn\u011b sympati\u010dt\u00ed a taky asi proto, \u017ee ses t\u00edm nep\u00e1\u0159ou. Koupili vojenskou \u0161estikolku, na n\u00ed posadili vybavenou boudu kter\u00e1 byla na p\u0159\u00edv\u011bsu a vyrazili. Krom\u011b samotn\u00e9 cesty jezd\u00ed na kitesurfech, tak\u017ee vyhled\u00e1vaj\u00ed pl\u00e1\u017ee, kde se tomuto sportu mohou v\u011bnovat. Podvozek Mowag Duro 6&#215;6, se uk\u00e1zal mnohokr\u00e1t jako dost funk\u010dn\u00ed podvozek, v\u017edy\u0165 je to taky vojenskej speci\u00e1l, ale i tohle auto byli schopni zahrabat tak, \u017ee je museli tahat ven v\u0161ichni domorodci z okol\u00ed. Ty dva kluky je z\u00e1bavn\u00fd pozorovat, prost\u011b a stru\u010dn\u011b, super rodina.<br><\/p>\n\n\n\n<hr class=\"wp-block-separator is-style-wide\"\/>\n\n\n\n<h2 class=\"wp-block-heading\" id=\"big-titou\">Big Titou<\/h2>\n\n\n\n<figure class=\"wp-block-embed is-type-video is-provider-youtube wp-block-embed-youtube wp-embed-aspect-16-9 wp-has-aspect-ratio\"><div class=\"wp-block-embed__wrapper\">\n<iframe loading=\"lazy\" title=\"23# apres 3 mois en norvege on quitte ce fabuleux pays\" width=\"880\" height=\"495\" src=\"https:\/\/www.youtube.com\/embed\/xr73W8yineQ?feature=oembed\" frameborder=\"0\" allow=\"accelerometer; autoplay; clipboard-write; encrypted-media; gyroscope; picture-in-picture\" allowfullscreen><\/iframe>\n<\/div><\/figure>\n\n\n\n<p class=\"wp-block-paragraph\">P\u00e1r senior\u016f, kte\u0159\u00ed pochopiteln\u011b nejedou \u017e\u00e1dn\u00fd extr\u00e9my co se vzd\u00e1lenosti, ani m\u00edst t\u00fd\u010de. To, pro\u010d m\u011b tento kan\u00e1l zaj\u00edm\u00e1, je konkr\u00e9tn\u011b proto, \u017ee maj\u00ed toto\u017en\u00fd podvozek s na\u0161\u00edm Iveco Eurocargo 4&#215;4, tedy \u010dek\u00e1m na \u0159e\u0161en\u00ed technick\u00fdch z\u00e1vad a zat\u00edm po\u0159\u00e1d nic moc, co\u017e je dob\u0159e. Jejich cestu na Nordkap jsem si ale pozorn\u011b shl\u00e9dl.<\/p>\n\n\n\n<hr class=\"wp-block-separator is-style-wide\"\/>\n\n\n\n<h2 class=\"wp-block-heading\" id=\"explorer-magazin\">EXPLORER Magazin<\/h2>\n\n\n\n<figure class=\"wp-block-embed is-type-video is-provider-youtube wp-block-embed-youtube wp-embed-aspect-16-9 wp-has-aspect-ratio\"><div class=\"wp-block-embed__wrapper\">\n<iframe loading=\"lazy\" title=\"Carbon World Cruiser Expeditionsmobil ROOM TOUR \u26a1\ufe0f Leistungsstark dank Leichtbau\" width=\"880\" height=\"495\" src=\"https:\/\/www.youtube.com\/embed\/aFFcUroXqAs?feature=oembed\" frameborder=\"0\" allow=\"accelerometer; autoplay; clipboard-write; encrypted-media; gyroscope; picture-in-picture\" allowfullscreen><\/iframe>\n<\/div><\/figure>\n\n\n\n<p class=\"wp-block-paragraph\">Pokud m\u00e1 n\u011bkdo v tomto druhu cestov\u00e1n\u00ed opravdu v\u00e1\u017en\u00fd z\u00e1jem a rozm\u00fd\u0161l\u00ed se zat\u00edm teoreticky, jak\u00fd stroj by pro n\u011bj byl vlastn\u011b vhodn\u00fd, tak tento kan\u00e1l je obrovsk\u00fdm zdrojem informac\u00ed a inspirace. Vlastn\u011b i d\u00edky tomuto kan\u00e1lu jsem se rozhodl pro kategorii 15t a p\u0159esv\u011bd\u010dil jsem pro to i Veroniku. V tomto kan\u00e1lu je p\u0159i testovac\u00edch j\u00edzd\u00e1ch jasn\u011b vid\u011bt, pro\u010d se nevyplat\u00ed v\u016fz poddimenzovat. V n\u011bkter\u00fdch report\u00e1\u017e\u00edch jsou kamery uchyceny v kritick\u00fdch m\u00edstech vozu a \u010dlov\u011bk m\u00e1 jasnou p\u0159edstavu o tom, co se s vozem v ter\u00e9nu vlastn\u011b d\u011bje. Oby\u010dejn\u00e9 obyt\u0148\u00e1ky jsou tedy u\u017e i v relativn\u011b m\u00edrn\u00fdch ter\u00e9nech odk\u00e1zan\u00ed na pomoc.<br><\/p>\n\n\n\n<hr class=\"wp-block-separator is-style-wide\"\/>\n\n\n\n<h2 class=\"wp-block-heading\" id=\"yoda-travels\">YODA travels<\/h2>\n\n\n\n<figure class=\"wp-block-embed is-type-video is-provider-youtube wp-block-embed-youtube wp-embed-aspect-16-9 wp-has-aspect-ratio\"><div class=\"wp-block-embed__wrapper\">\n<iframe loading=\"lazy\" title=\"S01E06: &quot;EIN SCHRAUB\u00c4R IN ALBANIEN || Im LKW um die Welt || Overlanding &amp; Vanlife\" width=\"880\" height=\"495\" src=\"https:\/\/www.youtube.com\/embed\/oIRmnLJhlK4?feature=oembed\" frameborder=\"0\" allow=\"accelerometer; autoplay; clipboard-write; encrypted-media; gyroscope; picture-in-picture\" allowfullscreen><\/iframe>\n<\/div><\/figure>\n\n\n\n<p class=\"wp-block-paragraph\">Hallo, wir sind Judith und Arthur und wohnen in unserem Zuhause auf R\u00e4dern. Jedn\u00e1 se o mlad\u00fd p\u00e1r ze \u0160v\u00fdcarska, kter\u00fd za\u010d\u00ednal cestovat v bus\u00edku a podle m\u011b logicky skon\u010dil takhle. Podvozek Steyr v tuningu od firmy EXCAP a n\u00e1stavba od KRUG. Ani si nechci p\u0159edstavit, kolik to st\u00e1lo, i kdy\u017e ten tuning by m\u011b vlastn\u011b dost zaj\u00edmal. Steyr bude po\u0159\u00e1d traktor, i kdy\u017e s ergo seda\u010dkami. Kan\u00e1l pr\u00e1v\u011b za\u010d\u00edn\u00e1 a lidi vypadaj\u00ed moc sympaticky. Hned na prvn\u00edch cest\u00e1ch \u0159e\u0161\u00ed trampoty s motorem a elektronikou. Styl, velikost auta a n\u00e1stavby je stejn\u00e1 jako na\u0161e, tak kan\u00e1l budu ur\u010dit\u011b d\u00e1l s o\u010dek\u00e1v\u00e1n\u00edm sledovat.<\/p>\n\n\n\n<hr class=\"wp-block-separator is-style-wide\"\/>\n\n\n\n<h2 class=\"wp-block-heading\" id=\"tabi-ie\">Tabi-ie<\/h2>\n\n\n\n<figure class=\"wp-block-embed is-type-video is-provider-youtube wp-block-embed-youtube wp-embed-aspect-16-9 wp-has-aspect-ratio\"><div class=\"wp-block-embed__wrapper\">\n<iframe loading=\"lazy\" title=\"\u3010\u8eca\u4e2d\u6cca\u306e\u65c5\u3011\u3072\u3068\u308a\u5c71\u5965\u306e\u79d8\u5883\u6edd\u3092\u898b\u306b\u884c\u304f\u65c5\uff5c47\" width=\"880\" height=\"495\" src=\"https:\/\/www.youtube.com\/embed\/sv3MSuGuXlw?feature=oembed\" frameborder=\"0\" allow=\"accelerometer; autoplay; clipboard-write; encrypted-media; gyroscope; picture-in-picture\" allowfullscreen><\/iframe>\n<\/div><\/figure>\n\n\n\n<p class=\"wp-block-paragraph\">I kdy\u017e to sem vlastn\u011b moc nepat\u0159\u00ed, tak tenhle kan\u00e1l m\u00e1m moc r\u00e1d pro svoji exoti\u010dnost. Odhaduju, \u017ee to je Japonec, kterej si sp\u00edchnul boudi\u010dku na mini valn\u00edk, jezd\u00ed na svoje gastro v\u00fdlety a to\u010d\u00ed se p\u0159i tom. Bav\u00ed m\u011b z n\u011bkolika d\u016fvod\u016f. Za prv\u00e9, chlap\u00edk ukazuje, \u017ee v tomto druhu cestov\u00e1n\u00ed neexistuj\u00ed limity ani dol\u016f, tedy, \u017ee postavit si obyt\u0148\u00e1k, cestovat a naj\u00edt si v tom svoji v\u00e1\u0161e\u0148 m\u016f\u017ee \u010dlov\u011bk i za p\u00e1r ka\u010dek na minim\u00e1ln\u00edm prostoru. Pocit svobody je nakonec stejn\u00fd, jako u vozu za n\u011bkolik milion\u016f. Dal\u0161\u00ed zaj\u00edmavost\u00ed je jeho pot\u0159eba ukazovat jak si va\u0159\u00ed a j\u00ed j\u00eddlo na \u010dty\u0159ech metrech \u010dtvere\u010dn\u00edch. Pr\u00fd je to takov\u00e9 asijsk\u00e9 specifikum a mnoho asiat\u016f postavilo svoje YouTuberstv\u00ed na tom, jak n\u011bco va\u0159\u00ed a pak jed\u00ed. Zkusil jsem naj\u00edt jin\u00e9, podobn\u00e9 kan\u00e1ly z Asie, ale nic u\u017e m\u011b nezaujalo tak, jako tento Tabi-ie.<\/p>\n\n\n\n<p class=\"wp-block-paragraph\"><\/p>\n","protected":false},"excerpt":{"rendered":"<p>UNICAT Moje touha po spolehliv\u00e9m, prostorn\u00e9m, ter\u00e9nn\u00edm obytn\u00e9m aut\u011b, sah\u00e1 prokazateln\u011b do roku 2008, kdy jsem p\u0159ivezl ze \u0160tutgartu hasi\u010dskou<\/p>\n<p><a href=\"https:\/\/www.darkscout.cz\/?p=283\" class=\"more-link\">Continue reading<span class=\"screen-reader-text\">Inspirativn\u00ed projekty, kter\u00e9 sleduji na YouTube<\/span><\/a><\/p>\n","protected":false},"author":1,"featured_media":291,"comment_status":"closed","ping_status":"closed","sticky":false,"template":"","format":"standard","meta":{"footnotes":""},"categories":[6],"tags":[],"class_list":["post-283","post","type-post","status-publish","format-standard","has-post-thumbnail","hentry","category-postrehy"],"_links":{"self":[{"href":"https:\/\/www.darkscout.cz\/index.php?rest_route=\/wp\/v2\/posts\/283","targetHints":{"allow":["GET"]}}],"collection":[{"href":"https:\/\/www.darkscout.cz\/index.php?rest_route=\/wp\/v2\/posts"}],"about":[{"href":"https:\/\/www.darkscout.cz\/index.php?rest_route=\/wp\/v2\/types\/post"}],"author":[{"embeddable":true,"href":"https:\/\/www.darkscout.cz\/index.php?rest_route=\/wp\/v2\/users\/1"}],"replies":[{"embeddable":true,"href":"https:\/\/www.darkscout.cz\/index.php?rest_route=%2Fwp%2Fv2%2Fcomments&post=283"}],"version-history":[{"count":4,"href":"https:\/\/www.darkscout.cz\/index.php?rest_route=\/wp\/v2\/posts\/283\/revisions"}],"predecessor-version":[{"id":294,"href":"https:\/\/www.darkscout.cz\/index.php?rest_route=\/wp\/v2\/posts\/283\/revisions\/294"}],"wp:featuredmedia":[{"embeddable":true,"href":"https:\/\/www.darkscout.cz\/index.php?rest_route=\/wp\/v2\/media\/291"}],"wp:attachment":[{"href":"https:\/\/www.darkscout.cz\/index.php?rest_route=%2Fwp%2Fv2%2Fmedia&parent=283"}],"wp:term":[{"taxonomy":"category","embeddable":true,"href":"https:\/\/www.darkscout.cz\/index.php?rest_route=%2Fwp%2Fv2%2Fcategories&post=283"},{"taxonomy":"post_tag","embeddable":true,"href":"https:\/\/www.darkscout.cz\/index.php?rest_route=%2Fwp%2Fv2%2Ftags&post=283"}],"curies":[{"name":"wp","href":"https:\/\/api.w.org\/{rel}","templated":true}]}}